{"id":986,"date":"2018-06-06T18:50:55","date_gmt":"2018-06-06T21:50:55","guid":{"rendered":"http:\/\/cultivosdeservicios.agro.uba.ar\/?p=986"},"modified":"2018-06-07T00:38:32","modified_gmt":"2018-06-07T03:38:32","slug":"integrando-los-cultivos-de-cobertura-a-los-sistemas-de-produccion","status":"publish","type":"post","link":"https:\/\/cultivosdeservicios.agro.uba.ar\/?p=986","title":{"rendered":"Integrando los cultivos de cobertura a los sistemas de producci\u00f3n en Uruguay"},"content":{"rendered":"<p>El ingeniero agr\u00f3nomo Juan D\u00edaz, gerente de investigaci\u00f3n de desarrollo de PGG Wrightson Uruguay, particip\u00f3 del<strong>\u00a0XXV congreso de Aapresid Kair\u00f3s y nos cuenta sobre la integraci\u00f3n de cultivos de cobertura a los sistemas de producci\u00f3n en Uruguay.<\/strong><\/p>\n<p>A partir de la campa\u00f1a 13\/14 en la Rep\u00fablica Oriental del Uruguay se estableci\u00f3 a nivel nacional <strong>El plan de de usos y manejos de suelos <\/strong>en toda el \u00e1rea agr\u00edcola. El ingeniero explica que anualmente quedan disponibles entre 500 y 700 mil hect\u00e1reas sobre rastrojo de soja para hacer cultivos de cobertura. Inicialmente solamente 270 mil ha se sembraban con cultivos de servicios, y ese valor fue creciendo despu\u00e9s de incorporarse el plan de usos y manejos, reduciendo la superficie con barbecho de 50 al 25% a nivel nacional.\u00a0&#8220;<em>Lo que queremos con los cultivos de cobertura es proteger el suelo de la erosi\u00f3n, capturar nutrientes, incrementar las entradas de C y N, reducir la compactaci\u00f3n, incrementar la infiltraci\u00f3n y contribuir al manejo de malezas<\/em>&#8220;.<\/p>\n<p>&nbsp;<\/p>\n<p><iframe loading=\"lazy\" width=\"696\" height=\"392\" src=\"https:\/\/www.youtube.com\/embed\/_UVqPi7lek4?feature=oembed\" frameborder=\"0\" allow=\"autoplay; encrypted-media\" allowfullscreen><\/iframe><\/p>\n<p>&nbsp;<\/p>\n","protected":false},"excerpt":{"rendered":"<p>El ingeniero agr\u00f3nomo Juan D\u00edaz, gerente de investigaci\u00f3n de desarrollo de PGG Wrightson Uruguay, particip\u00f3 del\u00a0XXV congreso de Aapresid Kair\u00f3s y nos cuenta sobre la integraci\u00f3n de cultivos de cobertura a los sistemas de producci\u00f3n en Uruguay. A partir de la campa\u00f1a 13\/14 en la Rep\u00fablica Oriental del Uruguay se estableci\u00f3 a nivel nacional El [&hellip;]<\/p>\n","protected":false},"author":1,"featured_media":987,"comment_status":"open","ping_status":"open","sticky":false,"template":"","format":"video","meta":{"amp_status":"","footnotes":""},"categories":[57],"tags":[],"class_list":["post-986","post","type-post","status-publish","format-video","has-post-thumbnail","hentry","category-videos","post_format-post-format-video"],"_links":{"self":[{"href":"https:\/\/cultivosdeservicios.agro.uba.ar\/index.php?rest_route=\/wp\/v2\/posts\/986","targetHints":{"allow":["GET"]}}],"collection":[{"href":"https:\/\/cultivosdeservicios.agro.uba.ar\/index.php?rest_route=\/wp\/v2\/posts"}],"about":[{"href":"https:\/\/cultivosdeservicios.agro.uba.ar\/index.php?rest_route=\/wp\/v2\/types\/post"}],"author":[{"embeddable":true,"href":"https:\/\/cultivosdeservicios.agro.uba.ar\/index.php?rest_route=\/wp\/v2\/users\/1"}],"replies":[{"embeddable":true,"href":"https:\/\/cultivosdeservicios.agro.uba.ar\/index.php?rest_route=%2Fwp%2Fv2%2Fcomments&post=986"}],"version-history":[{"count":2,"href":"https:\/\/cultivosdeservicios.agro.uba.ar\/index.php?rest_route=\/wp\/v2\/posts\/986\/revisions"}],"predecessor-version":[{"id":990,"href":"https:\/\/cultivosdeservicios.agro.uba.ar\/index.php?rest_route=\/wp\/v2\/posts\/986\/revisions\/990"}],"wp:featuredmedia":[{"embeddable":true,"href":"https:\/\/cultivosdeservicios.agro.uba.ar\/index.php?rest_route=\/wp\/v2\/media\/987"}],"wp:attachment":[{"href":"https:\/\/cultivosdeservicios.agro.uba.ar\/index.php?rest_route=%2Fwp%2Fv2%2Fmedia&parent=986"}],"wp:term":[{"taxonomy":"category","embeddable":true,"href":"https:\/\/cultivosdeservicios.agro.uba.ar\/index.php?rest_route=%2Fwp%2Fv2%2Fcategories&post=986"},{"taxonomy":"post_tag","embeddable":true,"href":"https:\/\/cultivosdeservicios.agro.uba.ar\/index.php?rest_route=%2Fwp%2Fv2%2Ftags&post=986"}],"curies":[{"name":"wp","href":"https:\/\/api.w.org\/{rel}","templated":true}]}}