{"id":948,"date":"2018-04-26T21:04:04","date_gmt":"2018-04-27T00:04:04","guid":{"rendered":"http:\/\/cultivosdeservicios.agro.uba.ar\/?p=948"},"modified":"2018-08-10T15:44:18","modified_gmt":"2018-08-10T18:44:18","slug":"presentacion-jat-jornada-de-cultivos-de-invierno","status":"publish","type":"post","link":"https:\/\/cultivosdeservicios.agro.uba.ar\/?p=948","title":{"rendered":"Presentaci\u00f3n JAT &#8211; Jornada de cultivos de invierno"},"content":{"rendered":"<p>Te invitamos a ver la presentaci\u00f3n sobre <em>&#8220;<\/em><strong><em>Cultivos de Servicio: Integrando la ecolog\u00eda con la producci\u00f3n agr\u00edcola&#8221;<\/em>\u00a0<\/strong>que expus\u00f3 la Ingeniera Priscila Pinto en la primera Jornada de Actualizaci\u00f3n T\u00e9cnica sobre Cultivos de Invierno, organizada por CREA el en la Sociedad Rural de Venado Tuerto el 19 de abril de 2018.<\/p>\n<p><span class=\"td_btn td_btn_md td_default_btn\" style=\"color: #ffffff;\"><a style=\"color: #ffffff;\" href=\"http:\/\/cultivosdeservicios.agro.uba.ar\/wp-content\/uploads\/2018\/05\/Cultivos-de-servicios-CREA-JAT-0418-ppinto.pdf\" target=\"_blank\" rel=\"noopener\">Descargar PDF<\/a><\/span><\/p>\n","protected":false},"excerpt":{"rendered":"<p>Te invitamos a ver la presentaci\u00f3n sobre &#8220;Cultivos de Servicio: Integrando la ecolog\u00eda con la producci\u00f3n agr\u00edcola&#8221;\u00a0que expus\u00f3 la Ingeniera Priscila Pinto en la primera Jornada de Actualizaci\u00f3n T\u00e9cnica sobre Cultivos de Invierno, organizada por CREA el en la Sociedad Rural de Venado Tuerto el 19 de abril de 2018. Descargar PDF<\/p>\n","protected":false},"author":1,"featured_media":950,"comment_status":"open","ping_status":"open","sticky":false,"template":"","format":"standard","meta":{"amp_status":"","footnotes":""},"categories":[72],"tags":[],"class_list":["post-948","post","type-post","status-publish","format-standard","has-post-thumbnail","hentry","category-art-de-divulgacion-publicaciones"],"_links":{"self":[{"href":"https:\/\/cultivosdeservicios.agro.uba.ar\/index.php?rest_route=\/wp\/v2\/posts\/948","targetHints":{"allow":["GET"]}}],"collection":[{"href":"https:\/\/cultivosdeservicios.agro.uba.ar\/index.php?rest_route=\/wp\/v2\/posts"}],"about":[{"href":"https:\/\/cultivosdeservicios.agro.uba.ar\/index.php?rest_route=\/wp\/v2\/types\/post"}],"author":[{"embeddable":true,"href":"https:\/\/cultivosdeservicios.agro.uba.ar\/index.php?rest_route=\/wp\/v2\/users\/1"}],"replies":[{"embeddable":true,"href":"https:\/\/cultivosdeservicios.agro.uba.ar\/index.php?rest_route=%2Fwp%2Fv2%2Fcomments&post=948"}],"version-history":[{"count":4,"href":"https:\/\/cultivosdeservicios.agro.uba.ar\/index.php?rest_route=\/wp\/v2\/posts\/948\/revisions"}],"predecessor-version":[{"id":1382,"href":"https:\/\/cultivosdeservicios.agro.uba.ar\/index.php?rest_route=\/wp\/v2\/posts\/948\/revisions\/1382"}],"wp:featuredmedia":[{"embeddable":true,"href":"https:\/\/cultivosdeservicios.agro.uba.ar\/index.php?rest_route=\/wp\/v2\/media\/950"}],"wp:attachment":[{"href":"https:\/\/cultivosdeservicios.agro.uba.ar\/index.php?rest_route=%2Fwp%2Fv2%2Fmedia&parent=948"}],"wp:term":[{"taxonomy":"category","embeddable":true,"href":"https:\/\/cultivosdeservicios.agro.uba.ar\/index.php?rest_route=%2Fwp%2Fv2%2Fcategories&post=948"},{"taxonomy":"post_tag","embeddable":true,"href":"https:\/\/cultivosdeservicios.agro.uba.ar\/index.php?rest_route=%2Fwp%2Fv2%2Ftags&post=948"}],"curies":[{"name":"wp","href":"https:\/\/api.w.org\/{rel}","templated":true}]}}