{"id":2232,"date":"2021-04-05T09:30:15","date_gmt":"2021-04-05T12:30:15","guid":{"rendered":"http:\/\/cultivosdeservicios.agro.uba.ar\/?p=2232"},"modified":"2021-04-05T09:30:18","modified_gmt":"2021-04-05T12:30:18","slug":"novedades-en-cultivos-de-servicios-barbechitos-y-la-verdadera-agroecologia-con-gervasio-pineiro-inv-de-uba","status":"publish","type":"post","link":"https:\/\/cultivosdeservicios.agro.uba.ar\/?p=2232","title":{"rendered":"Novedades en cultivos de servicios, barbechitos, y la verdadera agroecolog\u00eda; con Gervasio Pi\u00f1eiro &#8211; Inv. de UBA"},"content":{"rendered":"\n<p>Una buena puesta a punto en Cultivos de servicios y cobertura con uno de sus grandes &#8220;gur\u00faes&#8221; el Dr. Ing. Agr. Gervasio Pi\u00f1eiro &#8211; Prof. e investigador de la Fauba. Un boom que muchos agr\u00f3nomos, productores de avanzada, e instituciones como Aapresid y CREA estudiaron, difundieron, y desarrollaron en su campos, generando informaci\u00f3n compartida. \u00bfPodr\u00e1 llegar a aplicarse en el 90% de los campos como la SD? La mayor utilizaci\u00f3n de cultivos de servicios como cobertura o cultivos puente, y todo lo que queda por aplicar, a trav\u00e9s de un largo listado de Servicios agroecol\u00f3gicos, como el caso del -subsolado y laboreo biol\u00f3gico- con diferentes nabos y otras especies con sistemas radiculares espec\u00edficos. La utilizaci\u00f3n mixta como servicios + cultivo de renta para pastoreo. \u00bfC\u00f3mo funciona el barbechito?, \u00bfcuanto estamos aprendiendo de campos verdes todo el a\u00f1o y materia org\u00e1nica a partir de abundantes ra\u00edces?&#8230;<\/p>\n\n\n\n<figure class=\"wp-block-embed-youtube wp-block-embed is-type-video is-provider-youtube wp-embed-aspect-16-9 wp-has-aspect-ratio\"><div class=\"wp-block-embed__wrapper\">\n<iframe loading=\"lazy\" width=\"696\" height=\"392\" src=\"https:\/\/www.youtube.com\/embed\/sDbCN21CbTU?feature=oembed\" frameborder=\"0\" allow=\"accelerometer; autoplay; clipboard-write; encrypted-media; gyroscope; picture-in-picture\" allowfullscreen><\/iframe>\n<\/div><figcaption><br><br><br><\/figcaption><\/figure>\n","protected":false},"excerpt":{"rendered":"<p>Una buena puesta a punto en Cultivos de servicios y cobertura con uno de sus grandes &#8220;gur\u00faes&#8221; el Dr. Ing. Agr. Gervasio Pi\u00f1eiro &#8211; Prof. e investigador de la Fauba. Un boom que muchos agr\u00f3nomos, productores de avanzada, e instituciones como Aapresid y CREA estudiaron, difundieron, y desarrollaron en su campos, generando informaci\u00f3n compartida. \u00bfPodr\u00e1 [&hellip;]<\/p>\n","protected":false},"author":1,"featured_media":2201,"comment_status":"open","ping_status":"open","sticky":false,"template":"","format":"standard","meta":{"amp_status":"","footnotes":""},"categories":[61,57],"tags":[],"class_list":["post-2232","post","type-post","status-publish","format-standard","has-post-thumbnail","hentry","category-prensa","category-videos"],"_links":{"self":[{"href":"https:\/\/cultivosdeservicios.agro.uba.ar\/index.php?rest_route=\/wp\/v2\/posts\/2232","targetHints":{"allow":["GET"]}}],"collection":[{"href":"https:\/\/cultivosdeservicios.agro.uba.ar\/index.php?rest_route=\/wp\/v2\/posts"}],"about":[{"href":"https:\/\/cultivosdeservicios.agro.uba.ar\/index.php?rest_route=\/wp\/v2\/types\/post"}],"author":[{"embeddable":true,"href":"https:\/\/cultivosdeservicios.agro.uba.ar\/index.php?rest_route=\/wp\/v2\/users\/1"}],"replies":[{"embeddable":true,"href":"https:\/\/cultivosdeservicios.agro.uba.ar\/index.php?rest_route=%2Fwp%2Fv2%2Fcomments&post=2232"}],"version-history":[{"count":3,"href":"https:\/\/cultivosdeservicios.agro.uba.ar\/index.php?rest_route=\/wp\/v2\/posts\/2232\/revisions"}],"predecessor-version":[{"id":2236,"href":"https:\/\/cultivosdeservicios.agro.uba.ar\/index.php?rest_route=\/wp\/v2\/posts\/2232\/revisions\/2236"}],"wp:featuredmedia":[{"embeddable":true,"href":"https:\/\/cultivosdeservicios.agro.uba.ar\/index.php?rest_route=\/wp\/v2\/media\/2201"}],"wp:attachment":[{"href":"https:\/\/cultivosdeservicios.agro.uba.ar\/index.php?rest_route=%2Fwp%2Fv2%2Fmedia&parent=2232"}],"wp:term":[{"taxonomy":"category","embeddable":true,"href":"https:\/\/cultivosdeservicios.agro.uba.ar\/index.php?rest_route=%2Fwp%2Fv2%2Fcategories&post=2232"},{"taxonomy":"post_tag","embeddable":true,"href":"https:\/\/cultivosdeservicios.agro.uba.ar\/index.php?rest_route=%2Fwp%2Fv2%2Ftags&post=2232"}],"curies":[{"name":"wp","href":"https:\/\/api.w.org\/{rel}","templated":true}]}}