{"id":1524,"date":"2018-09-24T20:08:02","date_gmt":"2018-09-24T23:08:02","guid":{"rendered":"http:\/\/cultivosdeservicios.agro.uba.ar\/?p=1524"},"modified":"2018-09-24T20:09:10","modified_gmt":"2018-09-24T23:09:10","slug":"cultivos-de-servicio-y-escasez-de-agua-como-ajustar-el-manejo","status":"publish","type":"post","link":"https:\/\/cultivosdeservicios.agro.uba.ar\/?p=1524","title":{"rendered":"Cultivos de servicio y escasez de agua, \u00bfc\u00f3mo ajustar el manejo?"},"content":{"rendered":"<p>Cristian \u00c1lvarez discute sobre la escasez del agua y como ajustar el manejo. Nos cuenta qu\u00e9 especies podemos utilizar para mitigar el efecto de la escasez. Adem\u00e1s nos explica la diferencia entre la escasez biol\u00f3gica, qu\u00edmica y f\u00edsica del agua. Finalmente nos indica qu\u00e9 variables debemos tener en cuenta para realizar un buen manejo, considerando principalmente las fechas de secado de las especies de cultivos de servicios.<\/p>\n<p><iframe loading=\"lazy\" width=\"696\" height=\"392\" src=\"https:\/\/www.youtube.com\/embed\/80wsodaUzA8?feature=oembed\" frameborder=\"0\" allow=\"autoplay; encrypted-media\" allowfullscreen><\/iframe><\/p>\n","protected":false},"excerpt":{"rendered":"<p>Cristian \u00c1lvarez discute sobre la escasez del agua y como ajustar el manejo. Nos cuenta qu\u00e9 especies podemos utilizar para mitigar el efecto de la escasez. Adem\u00e1s nos explica la diferencia entre la escasez biol\u00f3gica, qu\u00edmica y f\u00edsica del agua. Finalmente nos indica qu\u00e9 variables debemos tener en cuenta para realizar un buen manejo, considerando [&hellip;]<\/p>\n","protected":false},"author":1,"featured_media":1526,"comment_status":"open","ping_status":"open","sticky":false,"template":"","format":"video","meta":{"amp_status":"","footnotes":""},"categories":[57],"tags":[],"class_list":["post-1524","post","type-post","status-publish","format-video","has-post-thumbnail","hentry","category-videos","post_format-post-format-video"],"_links":{"self":[{"href":"https:\/\/cultivosdeservicios.agro.uba.ar\/index.php?rest_route=\/wp\/v2\/posts\/1524","targetHints":{"allow":["GET"]}}],"collection":[{"href":"https:\/\/cultivosdeservicios.agro.uba.ar\/index.php?rest_route=\/wp\/v2\/posts"}],"about":[{"href":"https:\/\/cultivosdeservicios.agro.uba.ar\/index.php?rest_route=\/wp\/v2\/types\/post"}],"author":[{"embeddable":true,"href":"https:\/\/cultivosdeservicios.agro.uba.ar\/index.php?rest_route=\/wp\/v2\/users\/1"}],"replies":[{"embeddable":true,"href":"https:\/\/cultivosdeservicios.agro.uba.ar\/index.php?rest_route=%2Fwp%2Fv2%2Fcomments&post=1524"}],"version-history":[{"count":2,"href":"https:\/\/cultivosdeservicios.agro.uba.ar\/index.php?rest_route=\/wp\/v2\/posts\/1524\/revisions"}],"predecessor-version":[{"id":1528,"href":"https:\/\/cultivosdeservicios.agro.uba.ar\/index.php?rest_route=\/wp\/v2\/posts\/1524\/revisions\/1528"}],"wp:featuredmedia":[{"embeddable":true,"href":"https:\/\/cultivosdeservicios.agro.uba.ar\/index.php?rest_route=\/wp\/v2\/media\/1526"}],"wp:attachment":[{"href":"https:\/\/cultivosdeservicios.agro.uba.ar\/index.php?rest_route=%2Fwp%2Fv2%2Fmedia&parent=1524"}],"wp:term":[{"taxonomy":"category","embeddable":true,"href":"https:\/\/cultivosdeservicios.agro.uba.ar\/index.php?rest_route=%2Fwp%2Fv2%2Fcategories&post=1524"},{"taxonomy":"post_tag","embeddable":true,"href":"https:\/\/cultivosdeservicios.agro.uba.ar\/index.php?rest_route=%2Fwp%2Fv2%2Ftags&post=1524"}],"curies":[{"name":"wp","href":"https:\/\/api.w.org\/{rel}","templated":true}]}}